{"id":9842,"date":"2026-08-31T09:48:14","date_gmt":"2026-08-31T12:48:14","guid":{"rendered":"https:\/\/nordesteimprensa.com.br\/?p=9842"},"modified":"2026-08-31T09:48:14","modified_gmt":"2026-08-31T12:48:14","slug":"receita-federal-paga-ultimo-lote-de-restituicao-do-ir-2026-nesta-segunda","status":"publish","type":"post","link":"https:\/\/nordesteimprensa.com.br\/index.php\/2026\/08\/31\/receita-federal-paga-ultimo-lote-de-restituicao-do-ir-2026-nesta-segunda\/","title":{"rendered":"RECEITA FEDERAL PAGA \u00daLTIMO LOTE DE RESTITUI\u00c7\u00c3O DO IR 2026 NESTA SEGUNDA"},"content":{"rendered":"\n<p>Cerca de 500 mil contribuintes recebem, nesta segunda-feira, 31, o quarto e \u00faltimo lote de restitui\u00e7\u00e3o do Imposto de Renda 2026. Ao longo do dia, a Receita Federal liberar\u00e1 R$ 1,24 bilh\u00e3o a 521.935 pessoas. O pagamento tamb\u00e9m contempla restitui\u00e7\u00f5es residuais de anos anteriores.<img decoding=\"async\" src=\"https:\/\/agenciabrasil.ebc.com.br\/ebc.png?id=1700817&amp;o=node\"><img decoding=\"async\" src=\"https:\/\/agenciabrasil.ebc.com.br\/ebc.gif?id=1700817&amp;o=node\"><\/p>\n\n\n\n<p>As restitui\u00e7\u00f5es est\u00e3o distribu\u00eddas da seguinte forma:<\/p>\n\n\n\n<ul class=\"wp-block-list\">\n<li>338.912 contribuintes que usaram a declara\u00e7\u00e3o pr\u00e9-preenchida e\/ou optaram simultaneamente por receber a restitui\u00e7\u00e3o via Pix (prioridade n\u00e3o determinada por lei);<\/li>\n\n\n\n<li>86.873 contribuintes de 60 a 79 anos (prioridade legal);<\/li>\n\n\n\n<li>43.502 contribuintes n\u00e3o priorit\u00e1rios;<\/li>\n\n\n\n<li>26.769 contribuintes cuja maior fonte de renda seja o magist\u00e9rio (prioridade legal);<\/li>\n\n\n\n<li>16.850 contribuintes acima de 80 anos (prioridade legal);<\/li>\n\n\n\n<li>9.029 contribuintes com defici\u00eancia f\u00edsica ou mental ou doen\u00e7a grave (prioridade legal).<\/li>\n<\/ul>\n\n\n\n<p><strong>Menos lotes<\/strong><\/p>\n\n\n\n<p>Neste ano, a Receita reduziu de cinco para quatro o n\u00famero de lotes regulares de restitui\u00e7\u00f5es da declara\u00e7\u00e3o, com pagamentos no fim de maio, de junho, de julho e de agosto.<\/p>\n\n\n\n<p>Os dois primeiros lotes de 2026, de maio e de junho, representaram 80% das restitui\u00e7\u00f5es previstas para serem pagas este ano, tanto em valores quanto em n\u00famero de contribuintes. Segundo o Fisco,&nbsp;a agilidade no processamento das declara\u00e7\u00f5es e no avan\u00e7o das ferramentas de moderniza\u00e7\u00e3o e automa\u00e7\u00e3o permitiram a concentra\u00e7\u00e3o dos pagamentos nos dois primeiros lotes.<\/p>\n\n\n\n<p><strong>Pagamento<\/strong><\/p>\n\n\n\n<p>O pagamento ser\u00e1 feito na conta ou na chave Pix do tipo CPF informada na declara\u00e7\u00e3o do Imposto de Renda. Caso o contribuinte n\u00e3o esteja na lista, dever\u00e1 entrar no&nbsp;Centro Virtual de Atendimento ao Contribuinte (e-CAC)&nbsp;e tirar o extrato da declara\u00e7\u00e3o. Se verificar uma pend\u00eancia, pode enviar uma declara\u00e7\u00e3o retificadora e esperar os pr\u00f3ximos lotes.<\/p>\n\n\n\n<p>Se, por algum motivo, a restitui\u00e7\u00e3o n\u00e3o for depositada na conta informada na declara\u00e7\u00e3o, como no caso de conta desativada, os valores ficar\u00e3o dispon\u00edveis para resgate por at\u00e9 um ano no Banco do Brasil.<\/p>\n\n\n\n<p>Nesse caso, o cidad\u00e3o poder\u00e1 agendar o cr\u00e9dito em qualquer conta banc\u00e1ria em seu nome, por meio do&nbsp;Portal BB&nbsp;ou ligando para a Central de Relacionamento do banco, nos telefones&nbsp;<a href=\"tel:4004-0001\">4004-0001<\/a>&nbsp;(capitais),&nbsp;<a href=\"tel:0800-729-0001\">0800-729-0001<\/a>&nbsp;(demais localidades) e&nbsp;<a href=\"tel:0800-729-0088\">0800-729-0088<\/a>&nbsp;(telefone especial exclusivo para deficientes auditivos).<\/p>\n\n\n\n<p>Caso o contribuinte n\u00e3o resgate o valor de sua restitui\u00e7\u00e3o depois de um ano, dever\u00e1 requerer o valor no Portal e-CAC. Ao entrar na p\u00e1gina, o cidad\u00e3o deve acessando o menu \u201cDeclara\u00e7\u00f5es e Demonstrativos\u201d, clicar em \u201cMeu Imposto de Renda\u201d e, em seguida, no campo \u201cSolicitar restitui\u00e7\u00e3o n\u00e3o resgatada na rede banc\u00e1ria\u201d.<\/p>\n\n\n\n<p>Fonte: Infonet<\/p>\n","protected":false},"excerpt":{"rendered":"<p>Cerca de 500 mil contribuintes recebem, nesta segunda-feira, 31, o quarto e \u00faltimo lote de restitui\u00e7\u00e3o do Imposto de Renda 2026. Ao longo do dia, a Receita Federal liberar\u00e1 R$ 1,24 bilh\u00e3o a 521.935 pessoas. O pagamento tamb\u00e9m contempla restitui\u00e7\u00f5es residuais de anos anteriores. As restitui\u00e7\u00f5es est\u00e3o distribu\u00eddas da seguinte forma: Menos lotes Neste ano, [&hellip;]<\/p>\n","protected":false},"author":6,"featured_media":9843,"comment_status":"open","ping_status":"open","sticky":false,"template":"","format":"standard","meta":{"footnotes":""},"categories":[10],"tags":[],"class_list":{"0":"post-9842","1":"post","2":"type-post","3":"status-publish","4":"format-standard","5":"has-post-thumbnail","7":"category-theme-features"},"_links":{"self":[{"href":"https:\/\/nordesteimprensa.com.br\/index.php\/wp-json\/wp\/v2\/posts\/9842","targetHints":{"allow":["GET"]}}],"collection":[{"href":"https:\/\/nordesteimprensa.com.br\/index.php\/wp-json\/wp\/v2\/posts"}],"about":[{"href":"https:\/\/nordesteimprensa.com.br\/index.php\/wp-json\/wp\/v2\/types\/post"}],"author":[{"embeddable":true,"href":"https:\/\/nordesteimprensa.com.br\/index.php\/wp-json\/wp\/v2\/users\/6"}],"replies":[{"embeddable":true,"href":"https:\/\/nordesteimprensa.com.br\/index.php\/wp-json\/wp\/v2\/comments?post=9842"}],"version-history":[{"count":1,"href":"https:\/\/nordesteimprensa.com.br\/index.php\/wp-json\/wp\/v2\/posts\/9842\/revisions"}],"predecessor-version":[{"id":9844,"href":"https:\/\/nordesteimprensa.com.br\/index.php\/wp-json\/wp\/v2\/posts\/9842\/revisions\/9844"}],"wp:featuredmedia":[{"embeddable":true,"href":"https:\/\/nordesteimprensa.com.br\/index.php\/wp-json\/wp\/v2\/media\/9843"}],"wp:attachment":[{"href":"https:\/\/nordesteimprensa.com.br\/index.php\/wp-json\/wp\/v2\/media?parent=9842"}],"wp:term":[{"taxonomy":"category","embeddable":true,"href":"https:\/\/nordesteimprensa.com.br\/index.php\/wp-json\/wp\/v2\/categories?post=9842"},{"taxonomy":"post_tag","embeddable":true,"href":"https:\/\/nordesteimprensa.com.br\/index.php\/wp-json\/wp\/v2\/tags?post=9842"}],"curies":[{"name":"wp","href":"https:\/\/api.w.org\/{rel}","templated":true}]}}