{"id":9845,"date":"2026-08-31T09:49:28","date_gmt":"2026-08-31T12:49:28","guid":{"rendered":"https:\/\/nordesteimprensa.com.br\/?p=9845"},"modified":"2026-08-31T09:49:29","modified_gmt":"2026-08-31T12:49:29","slug":"sargento-do-corpo-de-bombeiros-e-sepultado-em-sao-cristovao-apos-morte-durante-curso-em-mg","status":"publish","type":"post","link":"https:\/\/nordesteimprensa.com.br\/index.php\/2026\/08\/31\/sargento-do-corpo-de-bombeiros-e-sepultado-em-sao-cristovao-apos-morte-durante-curso-em-mg\/","title":{"rendered":"Sargento do Corpo de Bombeiros \u00e9 sepultado em S\u00e3o Crist\u00f3v\u00e3o ap\u00f3s morte durante curso em MG"},"content":{"rendered":"\n<p>O 2\u00ba sargento do Corpo de Bombeiros Militar de Sergipe (CBMSE) Luciano Santos Victoria, de 41 anos, foi sepultado neste domingo, 30, em S\u00e3o Crist\u00f3v\u00e3o, ap\u00f3s uma despedida marcada pela emo\u00e7\u00e3o de familiares, amigos e colegas de farda.<\/p>\n\n\n\n<p>O vel\u00f3rio foi realizado na OSAF, na regi\u00e3o da Feira Velha, e reuniu integrantes do Corpo de Bombeiros de Sergipe e de Minas Gerais, al\u00e9m de familiares e amigos do militar.<\/p>\n\n\n\n<p>Luciano morreu na sexta-feira, 28, ap\u00f3s sofrer um acidente durante uma instru\u00e7\u00e3o do Curso de Opera\u00e7\u00f5es em \u00c1rvores, realizado pelo Corpo de Bombeiros Militar de Minas Gerais (CBMMG). Segundo as corpora\u00e7\u00f5es, os procedimentos de socorro foram adotados ap\u00f3s o acidente.<\/p>\n\n\n\n<p>Com 41 anos e 18 anos de servi\u00e7o no CBMSE, o sargento foi homenageado pelos colegas durante a cerim\u00f4nia de despedida. Militares do Corpo de Bombeiros de Minas Gerais tamb\u00e9m estiveram presentes para prestar solidariedade \u00e0 fam\u00edlia e participar da homenagem.<\/p>\n\n\n\n<p>Um dos momentos mais marcantes ocorreu durante o sepultamento, quando uma aeronave do Grupamento T\u00e1tico A\u00e9reo (GTA) sobrevoou o local e lan\u00e7ou p\u00e9talas de rosas em homenagem ao militar.<\/p>\n\n\n\n<p>A cerim\u00f4nia reuniu representantes das duas corpora\u00e7\u00f5es e familiares de Luciano. O gesto foi uma forma de reconhecer a trajet\u00f3ria do sargento, que dedicou 18 anos ao servi\u00e7o no Corpo de Bombeiros Militar de Sergipe.<\/p>\n\n\n\n<p>Em nota de pesar, o CBMSE lamentou a morte do militar e destacou sua dedica\u00e7\u00e3o, disciplina e profissionalismo ao longo da carreira. A corpora\u00e7\u00e3o tamb\u00e9m manifestou solidariedade aos familiares, amigos e colegas de farda neste momento de luto.<\/p>\n\n\n\n<p>Fonte: Fanf1<\/p>\n","protected":false},"excerpt":{"rendered":"<p>O 2\u00ba sargento do Corpo de Bombeiros Militar de Sergipe (CBMSE) Luciano Santos Victoria, de 41 anos, foi sepultado neste domingo, 30, em S\u00e3o Crist\u00f3v\u00e3o, ap\u00f3s uma despedida marcada pela emo\u00e7\u00e3o de familiares, amigos e colegas de farda. O vel\u00f3rio foi realizado na OSAF, na regi\u00e3o da Feira Velha, e reuniu integrantes do Corpo de [&hellip;]<\/p>\n","protected":false},"author":6,"featured_media":9846,"comment_status":"open","ping_status":"open","sticky":false,"template":"","format":"standard","meta":{"footnotes":""},"categories":[10],"tags":[],"class_list":{"0":"post-9845","1":"post","2":"type-post","3":"status-publish","4":"format-standard","5":"has-post-thumbnail","7":"category-theme-features"},"_links":{"self":[{"href":"https:\/\/nordesteimprensa.com.br\/index.php\/wp-json\/wp\/v2\/posts\/9845","targetHints":{"allow":["GET"]}}],"collection":[{"href":"https:\/\/nordesteimprensa.com.br\/index.php\/wp-json\/wp\/v2\/posts"}],"about":[{"href":"https:\/\/nordesteimprensa.com.br\/index.php\/wp-json\/wp\/v2\/types\/post"}],"author":[{"embeddable":true,"href":"https:\/\/nordesteimprensa.com.br\/index.php\/wp-json\/wp\/v2\/users\/6"}],"replies":[{"embeddable":true,"href":"https:\/\/nordesteimprensa.com.br\/index.php\/wp-json\/wp\/v2\/comments?post=9845"}],"version-history":[{"count":1,"href":"https:\/\/nordesteimprensa.com.br\/index.php\/wp-json\/wp\/v2\/posts\/9845\/revisions"}],"predecessor-version":[{"id":9847,"href":"https:\/\/nordesteimprensa.com.br\/index.php\/wp-json\/wp\/v2\/posts\/9845\/revisions\/9847"}],"wp:featuredmedia":[{"embeddable":true,"href":"https:\/\/nordesteimprensa.com.br\/index.php\/wp-json\/wp\/v2\/media\/9846"}],"wp:attachment":[{"href":"https:\/\/nordesteimprensa.com.br\/index.php\/wp-json\/wp\/v2\/media?parent=9845"}],"wp:term":[{"taxonomy":"category","embeddable":true,"href":"https:\/\/nordesteimprensa.com.br\/index.php\/wp-json\/wp\/v2\/categories?post=9845"},{"taxonomy":"post_tag","embeddable":true,"href":"https:\/\/nordesteimprensa.com.br\/index.php\/wp-json\/wp\/v2\/tags?post=9845"}],"curies":[{"name":"wp","href":"https:\/\/api.w.org\/{rel}","templated":true}]}}