{"id":9848,"date":"2026-09-01T10:24:30","date_gmt":"2026-09-01T13:24:30","guid":{"rendered":"https:\/\/nordesteimprensa.com.br\/?p=9848"},"modified":"2026-09-01T10:24:31","modified_gmt":"2026-09-01T13:24:31","slug":"morre-rogerio-valenca-ex-vocalista-da-calcinha-preta","status":"publish","type":"post","link":"https:\/\/nordesteimprensa.com.br\/index.php\/2026\/09\/01\/morre-rogerio-valenca-ex-vocalista-da-calcinha-preta\/","title":{"rendered":"Morre Rog\u00e9rio Valen\u00e7a, ex-vocalista da Calcinha Preta"},"content":{"rendered":"\n<p>O cantor Rog\u00e9rio Valen\u00e7a, ex-vocalista da banda Calcinha Preta e atualmente integrante da banda Raio da Silibrina, morreu na \u00faltima segunda-feira, 31, em Aracaju. A causa da morte n\u00e3o foi divulgada. A morte do cantor foi confirmada pela banda Raio da Silibrina.<\/p>\n\n\n\n<p>Natural de Garanhuns, no Agreste de Pernambuco, Rog\u00e9rio construiu uma trajet\u00f3ria marcante no forr\u00f3 eletr\u00f4nico. Ele tamb\u00e9m teve passagens por grupos como Caviar com Rapadura e Mulheres Perdidas.<\/p>\n\n\n\n<p>Em nota, a Banda Raio da Silibrina lamentou a morte do cantor e destacou a hist\u00f3ria e a presen\u00e7a de Rog\u00e9rio, que, segundo a banda, jamais ser\u00e3o esquecidas. \u201cFicam a saudade, as lembran\u00e7as dos momentos vividos e a gratid\u00e3o por tudo que ele representou\u201d, diz parte da publica\u00e7\u00e3o.<\/p>\n\n\n\n<p>O vel\u00f3rio acontece nesta ter\u00e7a-feira, 1\u00ba de setembro, na Piaf, localizada na Rua de Laranjeiras, em Aracaju. O local e o hor\u00e1rio do sepultamento ainda n\u00e3o foram confirmados.<\/p>\n\n\n\n<p>Fonte: Infonet<\/p>\n","protected":false},"excerpt":{"rendered":"<p>O cantor Rog\u00e9rio Valen\u00e7a, ex-vocalista da banda Calcinha Preta e atualmente integrante da banda Raio da Silibrina, morreu na \u00faltima segunda-feira, 31, em Aracaju. A causa da morte n\u00e3o foi divulgada. A morte do cantor foi confirmada pela banda Raio da Silibrina. Natural de Garanhuns, no Agreste de Pernambuco, Rog\u00e9rio construiu uma trajet\u00f3ria marcante no [&hellip;]<\/p>\n","protected":false},"author":6,"featured_media":9849,"comment_status":"open","ping_status":"open","sticky":false,"template":"","format":"standard","meta":{"footnotes":""},"categories":[10],"tags":[],"class_list":{"0":"post-9848","1":"post","2":"type-post","3":"status-publish","4":"format-standard","5":"has-post-thumbnail","7":"category-theme-features"},"_links":{"self":[{"href":"https:\/\/nordesteimprensa.com.br\/index.php\/wp-json\/wp\/v2\/posts\/9848","targetHints":{"allow":["GET"]}}],"collection":[{"href":"https:\/\/nordesteimprensa.com.br\/index.php\/wp-json\/wp\/v2\/posts"}],"about":[{"href":"https:\/\/nordesteimprensa.com.br\/index.php\/wp-json\/wp\/v2\/types\/post"}],"author":[{"embeddable":true,"href":"https:\/\/nordesteimprensa.com.br\/index.php\/wp-json\/wp\/v2\/users\/6"}],"replies":[{"embeddable":true,"href":"https:\/\/nordesteimprensa.com.br\/index.php\/wp-json\/wp\/v2\/comments?post=9848"}],"version-history":[{"count":1,"href":"https:\/\/nordesteimprensa.com.br\/index.php\/wp-json\/wp\/v2\/posts\/9848\/revisions"}],"predecessor-version":[{"id":9850,"href":"https:\/\/nordesteimprensa.com.br\/index.php\/wp-json\/wp\/v2\/posts\/9848\/revisions\/9850"}],"wp:featuredmedia":[{"embeddable":true,"href":"https:\/\/nordesteimprensa.com.br\/index.php\/wp-json\/wp\/v2\/media\/9849"}],"wp:attachment":[{"href":"https:\/\/nordesteimprensa.com.br\/index.php\/wp-json\/wp\/v2\/media?parent=9848"}],"wp:term":[{"taxonomy":"category","embeddable":true,"href":"https:\/\/nordesteimprensa.com.br\/index.php\/wp-json\/wp\/v2\/categories?post=9848"},{"taxonomy":"post_tag","embeddable":true,"href":"https:\/\/nordesteimprensa.com.br\/index.php\/wp-json\/wp\/v2\/tags?post=9848"}],"curies":[{"name":"wp","href":"https:\/\/api.w.org\/{rel}","templated":true}]}}