{"id":9854,"date":"2026-09-02T11:42:07","date_gmt":"2026-09-02T14:42:07","guid":{"rendered":"https:\/\/nordesteimprensa.com.br\/?p=9854"},"modified":"2026-09-02T11:42:08","modified_gmt":"2026-09-02T14:42:08","slug":"anvisa-aprova-nova-caneta-de-semaglutida-para-diabetes","status":"publish","type":"post","link":"https:\/\/nordesteimprensa.com.br\/index.php\/2026\/09\/02\/anvisa-aprova-nova-caneta-de-semaglutida-para-diabetes\/","title":{"rendered":"Anvisa aprova nova caneta de semaglutida para diabetes"},"content":{"rendered":"\n<p>A Ag\u00eancia Nacional&nbsp;de Vigil\u00e2ncia Sanit\u00e1ria&nbsp;(Anvisa) aprovou o&nbsp;registro de um&nbsp;novo produto da&nbsp;EMS \u00e0 base&nbsp;de semaglutida,&nbsp;princ\u00edpio ativo presente&nbsp;em medicamentos utilizados&nbsp;no tratamento do&nbsp;diabetes tipo 2&nbsp;e que tamb\u00e9m&nbsp;ganhou popularidade pelo&nbsp;uso associado ao&nbsp;controle do peso.<\/p>\n\n\n\n<p>O novo medicamento&nbsp;\u00e9 indicado para&nbsp;adultos com diabetes&nbsp;tipo 2 e&nbsp;pertence \u00e0 classe&nbsp;dos agonistas do&nbsp;receptor GLP-1. A fabrica\u00e7\u00e3o ser\u00e1&nbsp;realizada pela EMS&nbsp;na unidade localizada&nbsp;no complexo industrial&nbsp;de Hortol\u00e2ndia, em&nbsp;S\u00e3o Paulo.<\/p>\n\n\n\n<p>A aprova\u00e7\u00e3o acontece&nbsp;ap\u00f3s o fim&nbsp;da patente da&nbsp;semaglutida utilizada&nbsp;no Ozempic, em&nbsp;20 de mar\u00e7o. Com o encerramento&nbsp;da prote\u00e7\u00e3o patent\u00e1ria, novas op\u00e7\u00f5es com&nbsp;o mesmo princ\u00edpio&nbsp;ativo&nbsp;podem ser registradas&nbsp;no pa\u00eds.<\/p>\n\n\n\n<p>Segundo o registro&nbsp;publicado no Di\u00e1rio&nbsp;Oficial da Uni\u00e3o, o produto foi&nbsp;classificado como medicamento&nbsp;similar e tem&nbsp;como refer\u00eancia outro&nbsp;medicamento \u00e0 base&nbsp;de semaglutida&nbsp;desenvolvido pela pr\u00f3pria&nbsp;EMS.<\/p>\n\n\n\n<p>O novo produto&nbsp;ser\u00e1 disponibilizado em&nbsp;formato de caneta&nbsp;aplicadora. Uma das&nbsp;apresenta\u00e7\u00f5es ter\u00e1 1,5&nbsp;mililitro, com quatro&nbsp;aplica\u00e7\u00f5es&nbsp;nas doses de&nbsp;0,25 ou 0,5&nbsp;miligrama. A outra&nbsp;ter\u00e1 tr\u00eas mililitros, com quatro aplica\u00e7\u00f5es&nbsp;de 1 ou&nbsp;2 miligramas.<\/p>\n\n\n\n<p>Apesar da aprova\u00e7\u00e3o&nbsp;do registro,&nbsp;o medicamento ainda&nbsp;n\u00e3o tem data&nbsp;definida para chegar&nbsp;\u00e0s farm\u00e1cias. Em&nbsp;nota, a EMS&nbsp;informou que, a&nbsp;partir do novo&nbsp;registro, ser\u00e3o definidos&nbsp;o planejamento comercial, o pre\u00e7o e&nbsp;o cronograma de&nbsp;lan\u00e7amento.<\/p>\n\n\n\n<p>A aprova\u00e7\u00e3o pela Anvisa autoriza o registro do medicamento, mas a comercializa\u00e7\u00e3o depende das etapas seguintes de lan\u00e7amento pela fabricante.<\/p>\n\n\n\n<p>Fonte: Itnet<\/p>\n","protected":false},"excerpt":{"rendered":"<p>A Ag\u00eancia Nacional&nbsp;de Vigil\u00e2ncia Sanit\u00e1ria&nbsp;(Anvisa) aprovou o&nbsp;registro de um&nbsp;novo produto da&nbsp;EMS \u00e0 base&nbsp;de semaglutida,&nbsp;princ\u00edpio ativo presente&nbsp;em medicamentos utilizados&nbsp;no tratamento do&nbsp;diabetes tipo 2&nbsp;e que tamb\u00e9m&nbsp;ganhou popularidade pelo&nbsp;uso associado ao&nbsp;controle do peso. O novo medicamento&nbsp;\u00e9 indicado para&nbsp;adultos com diabetes&nbsp;tipo 2 e&nbsp;pertence \u00e0 classe&nbsp;dos agonistas do&nbsp;receptor GLP-1. A fabrica\u00e7\u00e3o ser\u00e1&nbsp;realizada pela EMS&nbsp;na unidade localizada&nbsp;no complexo industrial&nbsp;de Hortol\u00e2ndia, em&nbsp;S\u00e3o [&hellip;]<\/p>\n","protected":false},"author":6,"featured_media":9855,"comment_status":"open","ping_status":"open","sticky":false,"template":"","format":"standard","meta":{"footnotes":""},"categories":[10],"tags":[],"class_list":{"0":"post-9854","1":"post","2":"type-post","3":"status-publish","4":"format-standard","5":"has-post-thumbnail","7":"category-theme-features"},"_links":{"self":[{"href":"https:\/\/nordesteimprensa.com.br\/index.php\/wp-json\/wp\/v2\/posts\/9854","targetHints":{"allow":["GET"]}}],"collection":[{"href":"https:\/\/nordesteimprensa.com.br\/index.php\/wp-json\/wp\/v2\/posts"}],"about":[{"href":"https:\/\/nordesteimprensa.com.br\/index.php\/wp-json\/wp\/v2\/types\/post"}],"author":[{"embeddable":true,"href":"https:\/\/nordesteimprensa.com.br\/index.php\/wp-json\/wp\/v2\/users\/6"}],"replies":[{"embeddable":true,"href":"https:\/\/nordesteimprensa.com.br\/index.php\/wp-json\/wp\/v2\/comments?post=9854"}],"version-history":[{"count":1,"href":"https:\/\/nordesteimprensa.com.br\/index.php\/wp-json\/wp\/v2\/posts\/9854\/revisions"}],"predecessor-version":[{"id":9856,"href":"https:\/\/nordesteimprensa.com.br\/index.php\/wp-json\/wp\/v2\/posts\/9854\/revisions\/9856"}],"wp:featuredmedia":[{"embeddable":true,"href":"https:\/\/nordesteimprensa.com.br\/index.php\/wp-json\/wp\/v2\/media\/9855"}],"wp:attachment":[{"href":"https:\/\/nordesteimprensa.com.br\/index.php\/wp-json\/wp\/v2\/media?parent=9854"}],"wp:term":[{"taxonomy":"category","embeddable":true,"href":"https:\/\/nordesteimprensa.com.br\/index.php\/wp-json\/wp\/v2\/categories?post=9854"},{"taxonomy":"post_tag","embeddable":true,"href":"https:\/\/nordesteimprensa.com.br\/index.php\/wp-json\/wp\/v2\/tags?post=9854"}],"curies":[{"name":"wp","href":"https:\/\/api.w.org\/{rel}","templated":true}]}}