{"id":9857,"date":"2026-09-03T11:52:08","date_gmt":"2026-09-03T14:52:08","guid":{"rendered":"https:\/\/nordesteimprensa.com.br\/?p=9857"},"modified":"2026-09-03T11:52:08","modified_gmt":"2026-09-03T14:52:08","slug":"cameras-de-seguranca-flagram-furto-de-fiacao-na-ponte-aracaju-barra-suspeito-e-preso","status":"publish","type":"post","link":"https:\/\/nordesteimprensa.com.br\/index.php\/2026\/09\/03\/cameras-de-seguranca-flagram-furto-de-fiacao-na-ponte-aracaju-barra-suspeito-e-preso\/","title":{"rendered":"C\u00e2meras de seguran\u00e7a flagram furto de fia\u00e7\u00e3o na Ponte Aracaju\/Barra; suspeito \u00e9 preso"},"content":{"rendered":"\n<p>Um homem foi preso em flagrante pela Pol\u00edcia Militar na madrugada de quarta-feira (2) ap\u00f3s furtar fia\u00e7\u00e3o el\u00e9trica da Ponte\u00a0Aracaju-Barra, no Bairro Industrial, em Aracaju.\u00a0<\/p>\n\n\n\n<p>A equipe foi acionada ap\u00f3s o registro de que duas pessoas retiravam os cabos da estrutura. Com base nas imagens das c\u00e2meras, os policiais localizaram um dos homens nas proximidades. Durante a abordagem, foram recuperados metros de fios e tr\u00eas canos usados na passagem da rede el\u00e9trica. Um fac\u00e3o tamb\u00e9m foi apreendido.&nbsp;<\/p>\n\n\n\n<p>De acordo com a pol\u00edcia, o acompanhamento em tempo real pelas c\u00e2meras permitiu a localiza\u00e7\u00e3o do suspeito no momento do crime. O homem e o material apreendido foram levados para a Central de Flagrantes.&nbsp;<\/p>\n\n\n\n<figure class=\"wp-block-image\"><img decoding=\"async\" src=\"https:\/\/s2-g1.glbimg.com\/qnnN0aIlT9lzxrJ5cbaoC_XasiE=\/0x0:1700x1002\/984x0\/smart\/filters:strip_icc()\/i.s3.glbimg.com\/v1\/AUTH_59edd422c0c84a879bd37670ae4f538a\/internal_photos\/bs\/2026\/I\/3\/PBYdOxR5m1rhwQnPBDAA\/furto.jpg\" alt=\"Homens s\u00e3o flagrados furtando fios na Ponte Aracaju\/ Barra. \u2014 Foto: SSP\/SE\"\/><\/figure>\n\n\n\n<p>Homens s\u00e3o flagrados furtando fios na Ponte Aracaju\/ Barra. \u2014 Foto: SSP\/SE&nbsp;<\/p>\n\n\n\n<h2 class=\"wp-block-heading\">Outra pris\u00e3o<\/h2>\n\n\n\n<p>Na sequ\u00eancia, enquanto a mesma equipe se deslocava de volta ao batalh\u00e3o ap\u00f3s o atendimento da ocorr\u00eancia na ponte, os policiais visualizaram um homem tentando retirar a fia\u00e7\u00e3o el\u00e9trica de uma caixa de energia de uma resid\u00eancia localizada na Avenida Sime\u00e3o Sobral, no bairro Santo Ant\u00f4nio.&nbsp;<\/p>\n\n\n\n<p>De acordo com a PM, o suspeito teria quebrado a tampa da caixa e tentado retirar os fios, deixando o im\u00f3vel sem energia el\u00e9trica.&nbsp;<\/p>\n\n\n\n<p>Com o homem, os policiais apreenderam um fac\u00e3o utilizado para cortar a fia\u00e7\u00e3o. O suspeito e o propriet\u00e1rio da resid\u00eancia foram encaminhados \u00e0 unidade policial, juntamente com os materiais apreendidos, para a ado\u00e7\u00e3o das medidas cab\u00edveis.<\/p>\n\n\n\n<p>Fonte: G1<\/p>\n","protected":false},"excerpt":{"rendered":"<p>Um homem foi preso em flagrante pela Pol\u00edcia Militar na madrugada de quarta-feira (2) ap\u00f3s furtar fia\u00e7\u00e3o el\u00e9trica da Ponte\u00a0Aracaju-Barra, no Bairro Industrial, em Aracaju.\u00a0 A equipe foi acionada ap\u00f3s o registro de que duas pessoas retiravam os cabos da estrutura. Com base nas imagens das c\u00e2meras, os policiais localizaram um dos homens nas proximidades. [&hellip;]<\/p>\n","protected":false},"author":6,"featured_media":9859,"comment_status":"open","ping_status":"open","sticky":false,"template":"","format":"standard","meta":{"footnotes":""},"categories":[10],"tags":[],"class_list":{"0":"post-9857","1":"post","2":"type-post","3":"status-publish","4":"format-standard","5":"has-post-thumbnail","7":"category-theme-features"},"_links":{"self":[{"href":"https:\/\/nordesteimprensa.com.br\/index.php\/wp-json\/wp\/v2\/posts\/9857","targetHints":{"allow":["GET"]}}],"collection":[{"href":"https:\/\/nordesteimprensa.com.br\/index.php\/wp-json\/wp\/v2\/posts"}],"about":[{"href":"https:\/\/nordesteimprensa.com.br\/index.php\/wp-json\/wp\/v2\/types\/post"}],"author":[{"embeddable":true,"href":"https:\/\/nordesteimprensa.com.br\/index.php\/wp-json\/wp\/v2\/users\/6"}],"replies":[{"embeddable":true,"href":"https:\/\/nordesteimprensa.com.br\/index.php\/wp-json\/wp\/v2\/comments?post=9857"}],"version-history":[{"count":1,"href":"https:\/\/nordesteimprensa.com.br\/index.php\/wp-json\/wp\/v2\/posts\/9857\/revisions"}],"predecessor-version":[{"id":9860,"href":"https:\/\/nordesteimprensa.com.br\/index.php\/wp-json\/wp\/v2\/posts\/9857\/revisions\/9860"}],"wp:featuredmedia":[{"embeddable":true,"href":"https:\/\/nordesteimprensa.com.br\/index.php\/wp-json\/wp\/v2\/media\/9859"}],"wp:attachment":[{"href":"https:\/\/nordesteimprensa.com.br\/index.php\/wp-json\/wp\/v2\/media?parent=9857"}],"wp:term":[{"taxonomy":"category","embeddable":true,"href":"https:\/\/nordesteimprensa.com.br\/index.php\/wp-json\/wp\/v2\/categories?post=9857"},{"taxonomy":"post_tag","embeddable":true,"href":"https:\/\/nordesteimprensa.com.br\/index.php\/wp-json\/wp\/v2\/tags?post=9857"}],"curies":[{"name":"wp","href":"https:\/\/api.w.org\/{rel}","templated":true}]}}