{"id":9864,"date":"2026-09-04T09:52:22","date_gmt":"2026-09-04T12:52:22","guid":{"rendered":"https:\/\/nordesteimprensa.com.br\/?p=9864"},"modified":"2026-09-04T09:52:22","modified_gmt":"2026-09-04T12:52:22","slug":"operacao-miragem-combate-esquema-de-estelionato-com-vitima-em-sergipe-e-apreende-veiculo-na-bahia","status":"publish","type":"post","link":"https:\/\/nordesteimprensa.com.br\/index.php\/2026\/09\/04\/operacao-miragem-combate-esquema-de-estelionato-com-vitima-em-sergipe-e-apreende-veiculo-na-bahia\/","title":{"rendered":"Opera\u00e7\u00e3o Miragem combate esquema de estelionato com v\u00edtima em Sergipe e apreende ve\u00edculo na Bahia"},"content":{"rendered":"\n<p>A Pol\u00edcia Civil de Sergipe, por meio da 2\u00aa Delegacia Metropolitana, recuperou, na manh\u00e3 desta sexta-feira, 4, em Salvador, na Bahia, um ve\u00edculo relacionado a uma investiga\u00e7\u00e3o de fraude registrada em Sergipe. A localiza\u00e7\u00e3o ocorreu durante o cumprimento de um mandado de busca e apreens\u00e3o, ap\u00f3s dilig\u00eancias realizadas pelas equipes policiais para localizar o autom\u00f3vel.<\/p>\n\n\n\n<p>A investiga\u00e7\u00e3o teve in\u00edcio ap\u00f3s um comerciante ser apontado como respons\u00e1vel por golpes praticados durante negocia\u00e7\u00f5es de ve\u00edculos. Um dos clientes procurou a 2\u00aa Delegacia Metropolitana e relatou ter sido v\u00edtima de estelionato relacionado \u00e0 negocia\u00e7\u00e3o de um autom\u00f3vel.<\/p>\n\n\n\n<p>A partir das informa\u00e7\u00f5es reunidas, as equipes realizaram dilig\u00eancias de campo em Salvador e conseguiram localizar o ve\u00edculo, que foi apreendido e ficar\u00e1 \u00e0 disposi\u00e7\u00e3o da autoridade policial para os procedimentos relacionados \u00e0 investiga\u00e7\u00e3o.<\/p>\n\n\n\n<p>Opera\u00e7\u00e3o Miragem<\/p>\n\n\n\n<p>O nome da opera\u00e7\u00e3o, \u201cMiragem\u201d, faz alus\u00e3o \u00e0 estrat\u00e9gia atribu\u00edda ao investigado de criar uma ilus\u00e3o para dificultar a localiza\u00e7\u00e3o do bem, utilizando outro estado como forma de oculta\u00e7\u00e3o.<\/p>\n\n\n\n<p>A a\u00e7\u00e3o contou com a participa\u00e7\u00e3o da equipe disponibilizada pela Secretaria da Seguran\u00e7a P\u00fablica para a miss\u00e3o, em conjunto com a 2\u00aa Delegacia Metropolitana, al\u00e9m do apoio da Divis\u00e3o de Intelig\u00eancia e Planejamento Policial (DIPOL), da For\u00e7a Integrada de Combate ao Crime Organizado da Bahia (FICCO\/BA) e da Pol\u00edcia Civil da Bahia.<\/p>\n\n\n\n<p>Cr\u00e9ditos: Lagartense.com.br<\/p>\n","protected":false},"excerpt":{"rendered":"<p>A Pol\u00edcia Civil de Sergipe, por meio da 2\u00aa Delegacia Metropolitana, recuperou, na manh\u00e3 desta sexta-feira, 4, em Salvador, na Bahia, um ve\u00edculo relacionado a uma investiga\u00e7\u00e3o de fraude registrada em Sergipe. A localiza\u00e7\u00e3o ocorreu durante o cumprimento de um mandado de busca e apreens\u00e3o, ap\u00f3s dilig\u00eancias realizadas pelas equipes policiais para localizar o autom\u00f3vel. [&hellip;]<\/p>\n","protected":false},"author":6,"featured_media":9865,"comment_status":"open","ping_status":"open","sticky":false,"template":"","format":"standard","meta":{"footnotes":""},"categories":[10],"tags":[],"class_list":{"0":"post-9864","1":"post","2":"type-post","3":"status-publish","4":"format-standard","5":"has-post-thumbnail","7":"category-theme-features"},"_links":{"self":[{"href":"https:\/\/nordesteimprensa.com.br\/index.php\/wp-json\/wp\/v2\/posts\/9864","targetHints":{"allow":["GET"]}}],"collection":[{"href":"https:\/\/nordesteimprensa.com.br\/index.php\/wp-json\/wp\/v2\/posts"}],"about":[{"href":"https:\/\/nordesteimprensa.com.br\/index.php\/wp-json\/wp\/v2\/types\/post"}],"author":[{"embeddable":true,"href":"https:\/\/nordesteimprensa.com.br\/index.php\/wp-json\/wp\/v2\/users\/6"}],"replies":[{"embeddable":true,"href":"https:\/\/nordesteimprensa.com.br\/index.php\/wp-json\/wp\/v2\/comments?post=9864"}],"version-history":[{"count":1,"href":"https:\/\/nordesteimprensa.com.br\/index.php\/wp-json\/wp\/v2\/posts\/9864\/revisions"}],"predecessor-version":[{"id":9866,"href":"https:\/\/nordesteimprensa.com.br\/index.php\/wp-json\/wp\/v2\/posts\/9864\/revisions\/9866"}],"wp:featuredmedia":[{"embeddable":true,"href":"https:\/\/nordesteimprensa.com.br\/index.php\/wp-json\/wp\/v2\/media\/9865"}],"wp:attachment":[{"href":"https:\/\/nordesteimprensa.com.br\/index.php\/wp-json\/wp\/v2\/media?parent=9864"}],"wp:term":[{"taxonomy":"category","embeddable":true,"href":"https:\/\/nordesteimprensa.com.br\/index.php\/wp-json\/wp\/v2\/categories?post=9864"},{"taxonomy":"post_tag","embeddable":true,"href":"https:\/\/nordesteimprensa.com.br\/index.php\/wp-json\/wp\/v2\/tags?post=9864"}],"curies":[{"name":"wp","href":"https:\/\/api.w.org\/{rel}","templated":true}]}}